{"id":4595,"date":"2017-06-03T18:28:00","date_gmt":"2017-06-03T16:28:00","guid":{"rendered":"https:\/\/galerie-ancienne-poste.com\/?p=4595"},"modified":"2025-07-28T18:31:15","modified_gmt":"2025-07-28T16:31:15","slug":"connaissance-des-arts-juin-2017","status":"publish","type":"post","link":"https:\/\/galerie-ancienne-poste.com\/fr\/presse\/connaissance-des-arts-juin-2017\/","title":{"rendered":"Connaissance des Arts &#8211; juin 2017"},"content":{"rendered":"<style>.kb-row-layout-id4595_403595-ce > .kt-row-column-wrap{align-content:start;}:where(.kb-row-layout-id4595_403595-ce > .kt-row-column-wrap) > .wp-block-kadence-column{justify-content:start;}.kb-row-layout-id4595_403595-ce > .kt-row-column-wrap{column-gap:var(--global-kb-gap-md, 2rem);row-gap:var(--global-kb-gap-md, 2rem);padding-top:var(--global-kb-spacing-sm, 1.5rem);padding-bottom:var(--global-kb-spacing-sm, 1.5rem);grid-template-columns:minmax(0, calc(60% - ((var(--global-kb-gap-md, 2rem) * 1 )\/2)))minmax(0, calc(40% - ((var(--global-kb-gap-md, 2rem) * 1 )\/2)));}.kb-row-layout-id4595_403595-ce > .kt-row-layout-overlay{opacity:0.30;}@media all and (max-width: 1024px){.kb-row-layout-id4595_403595-ce > .kt-row-column-wrap{grid-template-columns:repeat(2, minmax(0, 1fr));}}@media all and (max-width: 767px){.kb-row-layout-id4595_403595-ce > .kt-row-column-wrap{grid-template-columns:minmax(0, 1fr);}}<\/style><div class=\"kb-row-layout-wrap kb-row-layout-id4595_403595-ce alignnone wp-block-kadence-rowlayout\"><div class=\"kt-row-column-wrap kt-has-2-columns kt-row-layout-equal kt-tab-layout-inherit kt-mobile-layout-row kt-row-valign-top\">\n<style>.kadence-column4595_41c9e6-a8 > .kt-inside-inner-col,.kadence-column4595_41c9e6-a8 > .kt-inside-inner-col:before{border-top-left-radius:0px;border-top-right-radius:0px;border-bottom-right-radius:0px;border-bottom-left-radius:0px;}.kadence-column4595_41c9e6-a8 > .kt-inside-inner-col{column-gap:var(--global-kb-gap-sm, 1rem);}.kadence-column4595_41c9e6-a8 > .kt-inside-inner-col{flex-direction:column;}.kadence-column4595_41c9e6-a8 > .kt-inside-inner-col > .aligncenter{width:100%;}.kadence-column4595_41c9e6-a8 > .kt-inside-inner-col:before{opacity:0.3;}.kadence-column4595_41c9e6-a8{position:relative;}@media all and (max-width: 1024px){.kadence-column4595_41c9e6-a8 > .kt-inside-inner-col{flex-direction:column;justify-content:center;}}@media all and (max-width: 767px){.kadence-column4595_41c9e6-a8 > .kt-inside-inner-col{flex-direction:column;justify-content:center;}}<\/style>\n<div class=\"wp-block-kadence-column kadence-column4595_41c9e6-a8\"><div class=\"kt-inside-inner-col\">\n<p>Gis\u00e8le Buthod-Gra\u00e7on le chant de l&rsquo;\u00e9mail. Connaissance des Arts du mois de juin 2017<\/p>\n\n\n\n<div data-wp-interactive=\"core\/file\" class=\"wp-block-file\"><object data-wp-bind--hidden=\"!state.hasPdfPreview\" hidden class=\"wp-block-file__embed\" data=\"https:\/\/galerie-ancienne-poste.com\/wp-content\/uploads\/2025\/07\/buthod-garcon-gisele-cda-2017-1.pdf\" type=\"application\/pdf\" style=\"width:100%;height:600px\" aria-label=\"Contenu embarqu\u00e9 buthod-garcon-gisele-cda-2017.\"><\/object><a id=\"wp-block-file--media-dddacd9b-2e09-428e-a469-90ad3cdca4fb\" href=\"https:\/\/galerie-ancienne-poste.com\/wp-content\/uploads\/2025\/07\/buthod-garcon-gisele-cda-2017-1.pdf\" target=\"_blank\" rel=\"noreferrer noopener\">buthod-garcon-gisele-cda-2017<\/a><a href=\"https:\/\/galerie-ancienne-poste.com\/wp-content\/uploads\/2025\/07\/buthod-garcon-gisele-cda-2017-1.pdf\" class=\"wp-block-file__button wp-element-button\" download aria-describedby=\"wp-block-file--media-dddacd9b-2e09-428e-a469-90ad3cdca4fb\">T\u00e9l\u00e9charger<\/a><\/div>\n\n\n<style>.wp-block-kadence-spacer.kt-block-spacer-4595_0d7fd1-67 .kt-block-spacer{height:51px;}.wp-block-kadence-spacer.kt-block-spacer-4595_0d7fd1-67 .kt-divider{border-top-width:1px;height:1px;border-top-color:var(--global-palette6, #718096);width:80%;border-top-style:solid;}<\/style>\n<div class=\"wp-block-kadence-spacer aligncenter kt-block-spacer-4595_0d7fd1-67\"><div class=\"kt-block-spacer kt-block-spacer-halign-left\"><\/div><\/div>\n\n\n<div class=\"taxonomy-artiste_ wp-block-post-terms\"><a href=\"https:\/\/galerie-ancienne-poste.com\/fr\/artiste_\/gisele-buthod-garcon\/\" rel=\"tag\">Gis\u00e8le Buthod-Gar\u00e7on<\/a><\/div><\/div><\/div>\n\n\n<style>.kadence-column4595_970105-45 > .kt-inside-inner-col,.kadence-column4595_970105-45 > .kt-inside-inner-col:before{border-top-left-radius:0px;border-top-right-radius:0px;border-bottom-right-radius:0px;border-bottom-left-radius:0px;}.kadence-column4595_970105-45 > .kt-inside-inner-col{column-gap:var(--global-kb-gap-sm, 1rem);}.kadence-column4595_970105-45 > .kt-inside-inner-col{flex-direction:column;}.kadence-column4595_970105-45 > .kt-inside-inner-col > .aligncenter{width:100%;}.kadence-column4595_970105-45 > .kt-inside-inner-col:before{opacity:0.3;}.kadence-column4595_970105-45{position:relative;}@media all and (max-width: 1024px){.kadence-column4595_970105-45 > .kt-inside-inner-col{flex-direction:column;justify-content:center;}}@media all and (max-width: 767px){.kadence-column4595_970105-45 > .kt-inside-inner-col{flex-direction:column;justify-content:center;}}<\/style>\n<div class=\"wp-block-kadence-column kadence-column4595_970105-45\"><div class=\"kt-inside-inner-col\"><style>.kb-image4595_379be6-44 .kb-image-has-overlay:after{opacity:0.3;}<\/style>\n<figure class=\"wp-block-kadence-image kb-image4595_379be6-44 size-full\"><img loading=\"lazy\" decoding=\"async\" src=\"https:\/\/galerie-ancienne-poste.com\/wp-content\/uploads\/2025\/07\/buthod-garcon-gisele.jpg\" alt=\"\" width=\"381\" height=\"296\" class=\"kb-img wp-image-4528 \" srcset=\"https:\/\/galerie-ancienne-poste.com\/wp-content\/uploads\/2025\/07\/buthod-garcon-gisele.jpg 381w, https:\/\/galerie-ancienne-poste.com\/wp-content\/uploads\/2025\/07\/buthod-garcon-gisele-300x233.jpg 300w, https:\/\/galerie-ancienne-poste.com\/wp-content\/uploads\/2025\/07\/buthod-garcon-gisele-15x12.jpg 15w\" sizes=\"auto, (max-width: 381px) 100vw, 381px\" \/><\/figure>\n<\/div><\/div>\n\n<\/div><\/div>","protected":false},"excerpt":{"rendered":"<p>Connaissance des Arts &#8211; juin 2017<\/p>\n","protected":false},"author":6,"featured_media":4528,"comment_status":"closed","ping_status":"closed","sticky":false,"template":"","format":"standard","meta":{"_acf_changed":false,"_kad_blocks_custom_css":"","_kad_blocks_head_custom_js":"","_kad_blocks_body_custom_js":"","_kad_blocks_footer_custom_js":"","_kad_post_transparent":"","_kad_post_title":"","_kad_post_layout":"","_kad_post_sidebar_id":"","_kad_post_content_style":"","_kad_post_vertical_padding":"","_kad_post_feature":"","_kad_post_feature_position":"","_kad_post_header":false,"_kad_post_footer":false,"_kad_post_classname":"","footnotes":""},"categories":[1],"tags":[],"artiste_":[123],"class_list":["post-4595","post","type-post","status-publish","format-standard","has-post-thumbnail","hentry","category-presse","artiste_-gisele-buthod-garcon"],"acf":[],"taxonomy_info":{"category":[{"value":1,"label":"Presse"}],"artiste_":[{"value":123,"label":"Gis\u00e8le Buthod-Gar\u00e7on"}]},"featured_image_src_large":["https:\/\/galerie-ancienne-poste.com\/wp-content\/uploads\/2025\/07\/buthod-garcon-gisele.jpg",381,296,false],"author_info":{"display_name":"christophe","author_link":"https:\/\/galerie-ancienne-poste.com\/fr\/author\/christophe\/"},"comment_info":0,"category_info":[{"term_id":1,"name":"Presse","slug":"presse","term_group":0,"term_taxonomy_id":1,"taxonomy":"category","description":"","parent":0,"count":84,"filter":"raw","term_order":"0","cat_ID":1,"category_count":84,"category_description":"","cat_name":"Presse","category_nicename":"presse","category_parent":0}],"tag_info":false,"_links":{"self":[{"href":"https:\/\/galerie-ancienne-poste.com\/fr\/wp-json\/wp\/v2\/posts\/4595","targetHints":{"allow":["GET"]}}],"collection":[{"href":"https:\/\/galerie-ancienne-poste.com\/fr\/wp-json\/wp\/v2\/posts"}],"about":[{"href":"https:\/\/galerie-ancienne-poste.com\/fr\/wp-json\/wp\/v2\/types\/post"}],"author":[{"embeddable":true,"href":"https:\/\/galerie-ancienne-poste.com\/fr\/wp-json\/wp\/v2\/users\/6"}],"replies":[{"embeddable":true,"href":"https:\/\/galerie-ancienne-poste.com\/fr\/wp-json\/wp\/v2\/comments?post=4595"}],"version-history":[{"count":1,"href":"https:\/\/galerie-ancienne-poste.com\/fr\/wp-json\/wp\/v2\/posts\/4595\/revisions"}],"predecessor-version":[{"id":4596,"href":"https:\/\/galerie-ancienne-poste.com\/fr\/wp-json\/wp\/v2\/posts\/4595\/revisions\/4596"}],"wp:featuredmedia":[{"embeddable":true,"href":"https:\/\/galerie-ancienne-poste.com\/fr\/wp-json\/wp\/v2\/media\/4528"}],"wp:attachment":[{"href":"https:\/\/galerie-ancienne-poste.com\/fr\/wp-json\/wp\/v2\/media?parent=4595"}],"wp:term":[{"taxonomy":"category","embeddable":true,"href":"https:\/\/galerie-ancienne-poste.com\/fr\/wp-json\/wp\/v2\/categories?post=4595"},{"taxonomy":"post_tag","embeddable":true,"href":"https:\/\/galerie-ancienne-poste.com\/fr\/wp-json\/wp\/v2\/tags?post=4595"},{"taxonomy":"artiste_","embeddable":true,"href":"https:\/\/galerie-ancienne-poste.com\/fr\/wp-json\/wp\/v2\/artiste_?post=4595"}],"curies":[{"name":"wp","href":"https:\/\/api.w.org\/{rel}","templated":true}]}}