{"id":9468,"date":"2026-03-06T17:58:41","date_gmt":"2026-03-06T16:58:41","guid":{"rendered":"https:\/\/galerie-ancienne-poste.com\/?p=9468"},"modified":"2026-03-06T18:01:00","modified_gmt":"2026-03-06T17:01:00","slug":"lofficiel-des-galeries-musees-mars-2026","status":"publish","type":"post","link":"https:\/\/galerie-ancienne-poste.com\/fr\/presse\/lofficiel-des-galeries-musees-mars-2026\/","title":{"rendered":"L&rsquo;Officiel des Galeries &amp; Mus\u00e9es &#8211; mars 2026"},"content":{"rendered":"<style>.kb-row-layout-id9468_9be947-e2 > .kt-row-column-wrap{align-content:start;}:where(.kb-row-layout-id9468_9be947-e2 > .kt-row-column-wrap) > .wp-block-kadence-column{justify-content:start;}.kb-row-layout-id9468_9be947-e2 > .kt-row-column-wrap{column-gap:var(--global-kb-gap-md, 2rem);row-gap:var(--global-kb-gap-md, 2rem);padding-top:var(--global-kb-spacing-sm, 1.5rem);padding-bottom:var(--global-kb-spacing-sm, 1.5rem);grid-template-columns:minmax(0, calc(60% - ((var(--global-kb-gap-md, 2rem) * 1 )\/2)))minmax(0, calc(40% - ((var(--global-kb-gap-md, 2rem) * 1 )\/2)));}.kb-row-layout-id9468_9be947-e2 > .kt-row-layout-overlay{opacity:0.30;}@media all and (max-width: 1024px){.kb-row-layout-id9468_9be947-e2 > .kt-row-column-wrap{grid-template-columns:repeat(2, minmax(0, 1fr));}}@media all and (max-width: 767px){.kb-row-layout-id9468_9be947-e2 > .kt-row-column-wrap{grid-template-columns:minmax(0, 1fr);}}<\/style><div class=\"kb-row-layout-wrap kb-row-layout-id9468_9be947-e2 alignnone wp-block-kadence-rowlayout\"><div class=\"kt-row-column-wrap kt-has-2-columns kt-row-layout-equal kt-tab-layout-inherit kt-mobile-layout-row kt-row-valign-top\">\n<style>.kadence-column9468_ff69a3-b3 > .kt-inside-inner-col,.kadence-column9468_ff69a3-b3 > .kt-inside-inner-col:before{border-top-left-radius:0px;border-top-right-radius:0px;border-bottom-right-radius:0px;border-bottom-left-radius:0px;}.kadence-column9468_ff69a3-b3 > .kt-inside-inner-col{column-gap:var(--global-kb-gap-sm, 1rem);}.kadence-column9468_ff69a3-b3 > .kt-inside-inner-col{flex-direction:column;}.kadence-column9468_ff69a3-b3 > .kt-inside-inner-col > .aligncenter{width:100%;}.kadence-column9468_ff69a3-b3 > .kt-inside-inner-col:before{opacity:0.3;}.kadence-column9468_ff69a3-b3{position:relative;}@media all and (max-width: 1024px){.kadence-column9468_ff69a3-b3 > .kt-inside-inner-col{flex-direction:column;justify-content:center;}}@media all and (max-width: 767px){.kadence-column9468_ff69a3-b3 > .kt-inside-inner-col{flex-direction:column;justify-content:center;}}<\/style>\n<div class=\"wp-block-kadence-column kadence-column9468_ff69a3-b3\"><div class=\"kt-inside-inner-col\">\n<p>Article consacr\u00e9 \u00e0 l&rsquo;exposition duo de ce d\u00e9but d&rsquo;ann\u00e9e 2026 \u00ab\u00a0Ann Van Hoey invite L\u00e9a Renard\u00a0\u00bb.<br><br><a href=\"https:\/\/officiel-galeries-musees.fr\/ann-van-hoey-et-lea-renard-exposition-duo-a-la-galerie-de-lancienne-poste\/\" target=\"_blank\" rel=\"noopener\">https:\/\/officiel-galeries-musees.fr\/ann-van-hoey-et-lea-renard-exposition-duo-a-la-galerie-de-lancienne-poste<\/a><\/p>\n\n\n\n<div data-wp-interactive=\"core\/file\" class=\"wp-block-file\"><object data-wp-bind--hidden=\"!state.hasPdfPreview\" hidden class=\"wp-block-file__embed\" data=\"https:\/\/galerie-ancienne-poste.com\/wp-content\/uploads\/2026\/03\/officiel-galeries-musees.fr_ann-van-hoey-et-lea-renard-exposition-duo-a-la-galerie-de-lancienne-poste.pdf\" type=\"application\/pdf\" style=\"width:100%;height:600px\" aria-label=\"Contenu embarqu\u00e9 officiel-galeries-musees.fr_ann-van-hoey-et-lea-renard-exposition-duo-a-la-galerie-de-lancienne-poste_.\"><\/object><a id=\"wp-block-file--media-f70fc9eb-2996-48c3-8c24-3a0d4201bd0b\" href=\"https:\/\/galerie-ancienne-poste.com\/wp-content\/uploads\/2026\/03\/officiel-galeries-musees.fr_ann-van-hoey-et-lea-renard-exposition-duo-a-la-galerie-de-lancienne-poste.pdf\">officiel-galeries-musees.fr_ann-van-hoey-et-lea-renard-exposition-duo-a-la-galerie-de-lancienne-poste_<\/a><a href=\"https:\/\/galerie-ancienne-poste.com\/wp-content\/uploads\/2026\/03\/officiel-galeries-musees.fr_ann-van-hoey-et-lea-renard-exposition-duo-a-la-galerie-de-lancienne-poste.pdf\" class=\"wp-block-file__button wp-element-button\" aria-describedby=\"wp-block-file--media-f70fc9eb-2996-48c3-8c24-3a0d4201bd0b\" download>T\u00e9l\u00e9charger<\/a><\/div>\n\n\n<style>.wp-block-kadence-spacer.kt-block-spacer-9468_eb1357-c7 .kt-block-spacer{height:51px;}.wp-block-kadence-spacer.kt-block-spacer-9468_eb1357-c7 .kt-divider{border-top-width:1px;height:1px;border-top-color:var(--global-palette6, #718096);width:80%;border-top-style:solid;}<\/style>\n<div class=\"wp-block-kadence-spacer aligncenter kt-block-spacer-9468_eb1357-c7\"><div class=\"kt-block-spacer kt-block-spacer-halign-left\"><\/div><\/div>\n\n\n<div class=\"taxonomy-artiste_ wp-block-post-terms\"><a href=\"https:\/\/galerie-ancienne-poste.com\/fr\/artiste_\/ann-van-hoey\/\" rel=\"tag\">Ann Van Hoey<\/a><\/div><\/div><\/div>\n\n\n<style>.kadence-column9468_35c0a0-13 > .kt-inside-inner-col,.kadence-column9468_35c0a0-13 > .kt-inside-inner-col:before{border-top-left-radius:0px;border-top-right-radius:0px;border-bottom-right-radius:0px;border-bottom-left-radius:0px;}.kadence-column9468_35c0a0-13 > .kt-inside-inner-col{column-gap:var(--global-kb-gap-sm, 1rem);}.kadence-column9468_35c0a0-13 > .kt-inside-inner-col{flex-direction:column;}.kadence-column9468_35c0a0-13 > .kt-inside-inner-col > .aligncenter{width:100%;}.kadence-column9468_35c0a0-13 > .kt-inside-inner-col:before{opacity:0.3;}.kadence-column9468_35c0a0-13{position:relative;}@media all and (max-width: 1024px){.kadence-column9468_35c0a0-13 > .kt-inside-inner-col{flex-direction:column;justify-content:center;}}@media all and (max-width: 767px){.kadence-column9468_35c0a0-13 > .kt-inside-inner-col{flex-direction:column;justify-content:center;}}<\/style>\n<div class=\"wp-block-kadence-column kadence-column9468_35c0a0-13\"><div class=\"kt-inside-inner-col\"><style>.kb-image9468_054e0a-b9 .kb-image-has-overlay:after{opacity:0.3;}<\/style>\n<figure class=\"wp-block-kadence-image kb-image9468_054e0a-b9\"><img loading=\"lazy\" decoding=\"async\" src=\"https:\/\/galerie-ancienne-poste.com\/wp-content\/uploads\/2026\/03\/thumbnail-officiel-galeries-musees.fr_ann-van-hoey-et-lea-renard-exposition-duo-a-la-galerie-de-lancienne-poste.png\" alt=\"\" width=\"1770\" height=\"2387\" class=\"kb-img wp-image-9470 \" srcset=\"https:\/\/galerie-ancienne-poste.com\/wp-content\/uploads\/2026\/03\/thumbnail-officiel-galeries-musees.fr_ann-van-hoey-et-lea-renard-exposition-duo-a-la-galerie-de-lancienne-poste.png 1770w, https:\/\/galerie-ancienne-poste.com\/wp-content\/uploads\/2026\/03\/thumbnail-officiel-galeries-musees.fr_ann-van-hoey-et-lea-renard-exposition-duo-a-la-galerie-de-lancienne-poste-222x300.png 222w, https:\/\/galerie-ancienne-poste.com\/wp-content\/uploads\/2026\/03\/thumbnail-officiel-galeries-musees.fr_ann-van-hoey-et-lea-renard-exposition-duo-a-la-galerie-de-lancienne-poste-759x1024.png 759w, https:\/\/galerie-ancienne-poste.com\/wp-content\/uploads\/2026\/03\/thumbnail-officiel-galeries-musees.fr_ann-van-hoey-et-lea-renard-exposition-duo-a-la-galerie-de-lancienne-poste-768x1036.png 768w, https:\/\/galerie-ancienne-poste.com\/wp-content\/uploads\/2026\/03\/thumbnail-officiel-galeries-musees.fr_ann-van-hoey-et-lea-renard-exposition-duo-a-la-galerie-de-lancienne-poste-1139x1536.png 1139w, https:\/\/galerie-ancienne-poste.com\/wp-content\/uploads\/2026\/03\/thumbnail-officiel-galeries-musees.fr_ann-van-hoey-et-lea-renard-exposition-duo-a-la-galerie-de-lancienne-poste-1519x2048.png 1519w, https:\/\/galerie-ancienne-poste.com\/wp-content\/uploads\/2026\/03\/thumbnail-officiel-galeries-musees.fr_ann-van-hoey-et-lea-renard-exposition-duo-a-la-galerie-de-lancienne-poste-9x12.png 9w, https:\/\/galerie-ancienne-poste.com\/wp-content\/uploads\/2026\/03\/thumbnail-officiel-galeries-musees.fr_ann-van-hoey-et-lea-renard-exposition-duo-a-la-galerie-de-lancienne-poste-600x809.png 600w\" sizes=\"auto, (max-width: 1770px) 100vw, 1770px\" \/><\/figure>\n<\/div><\/div>\n\n<\/div><\/div>","protected":false},"excerpt":{"rendered":"<p>Article consacr\u00e9 \u00e0 l&rsquo;exposition duo de ce d\u00e9but d&rsquo;ann\u00e9e 2026 \u00ab\u00a0Ann Van Hoey invite L\u00e9a Renard\u00a0\u00bb. https:\/\/officiel-galeries-musees.fr\/ann-van-hoey-et-lea-renard-exposition-duo-a-la-galerie-de-lancienne-poste<\/p>\n","protected":false},"author":15,"featured_media":9470,"comment_status":"closed","ping_status":"closed","sticky":false,"template":"","format":"standard","meta":{"_acf_changed":false,"_kad_blocks_custom_css":"","_kad_blocks_head_custom_js":"","_kad_blocks_body_custom_js":"","_kad_blocks_footer_custom_js":"","_kad_post_transparent":"","_kad_post_title":"","_kad_post_layout":"","_kad_post_sidebar_id":"","_kad_post_content_style":"","_kad_post_vertical_padding":"","_kad_post_feature":"","_kad_post_feature_position":"","_kad_post_header":false,"_kad_post_footer":false,"_kad_post_classname":"","footnotes":""},"categories":[1],"tags":[],"artiste_":[118],"class_list":["post-9468","post","type-post","status-publish","format-standard","has-post-thumbnail","hentry","category-presse","artiste_-ann-van-hoey"],"acf":[],"taxonomy_info":{"category":[{"value":1,"label":"Presse"}],"artiste_":[{"value":118,"label":"Ann Van Hoey"}]},"featured_image_src_large":["https:\/\/galerie-ancienne-poste.com\/wp-content\/uploads\/2026\/03\/thumbnail-officiel-galeries-musees.fr_ann-van-hoey-et-lea-renard-exposition-duo-a-la-galerie-de-lancienne-poste-759x1024.png",759,1024,true],"author_info":{"display_name":"loris","author_link":"https:\/\/galerie-ancienne-poste.com\/fr\/author\/loris\/"},"comment_info":0,"category_info":[{"term_id":1,"name":"Presse","slug":"presse","term_group":0,"term_taxonomy_id":1,"taxonomy":"category","description":"","parent":0,"count":84,"filter":"raw","term_order":"0","cat_ID":1,"category_count":84,"category_description":"","cat_name":"Presse","category_nicename":"presse","category_parent":0}],"tag_info":false,"_links":{"self":[{"href":"https:\/\/galerie-ancienne-poste.com\/fr\/wp-json\/wp\/v2\/posts\/9468","targetHints":{"allow":["GET"]}}],"collection":[{"href":"https:\/\/galerie-ancienne-poste.com\/fr\/wp-json\/wp\/v2\/posts"}],"about":[{"href":"https:\/\/galerie-ancienne-poste.com\/fr\/wp-json\/wp\/v2\/types\/post"}],"author":[{"embeddable":true,"href":"https:\/\/galerie-ancienne-poste.com\/fr\/wp-json\/wp\/v2\/users\/15"}],"replies":[{"embeddable":true,"href":"https:\/\/galerie-ancienne-poste.com\/fr\/wp-json\/wp\/v2\/comments?post=9468"}],"version-history":[{"count":5,"href":"https:\/\/galerie-ancienne-poste.com\/fr\/wp-json\/wp\/v2\/posts\/9468\/revisions"}],"predecessor-version":[{"id":9480,"href":"https:\/\/galerie-ancienne-poste.com\/fr\/wp-json\/wp\/v2\/posts\/9468\/revisions\/9480"}],"wp:featuredmedia":[{"embeddable":true,"href":"https:\/\/galerie-ancienne-poste.com\/fr\/wp-json\/wp\/v2\/media\/9470"}],"wp:attachment":[{"href":"https:\/\/galerie-ancienne-poste.com\/fr\/wp-json\/wp\/v2\/media?parent=9468"}],"wp:term":[{"taxonomy":"category","embeddable":true,"href":"https:\/\/galerie-ancienne-poste.com\/fr\/wp-json\/wp\/v2\/categories?post=9468"},{"taxonomy":"post_tag","embeddable":true,"href":"https:\/\/galerie-ancienne-poste.com\/fr\/wp-json\/wp\/v2\/tags?post=9468"},{"taxonomy":"artiste_","embeddable":true,"href":"https:\/\/galerie-ancienne-poste.com\/fr\/wp-json\/wp\/v2\/artiste_?post=9468"}],"curies":[{"name":"wp","href":"https:\/\/api.w.org\/{rel}","templated":true}]}}